{"id":59,"date":"2024-07-02T09:00:00","date_gmt":"2024-07-02T07:00:00","guid":{"rendered":"http:\/\/cateedrale.de\/?p=59"},"modified":"2025-06-27T09:53:09","modified_gmt":"2025-06-27T07:53:09","slug":"test-post-2","status":"publish","type":"post","link":"https:\/\/cateedrale.de\/startseite\/de\/cateedrale\/de\/test-post-2\/","title":{"rendered":"Wir m\u00fcssen schlie\u00dfen!"},"content":{"rendered":"\n<p class=\"has-text-align-left\">Unser Verein f\u00e4llt ab 2025 nach \u00fcber 30 Jahren aus der Jugendf\u00f6rderung komplett raus. Pragmatisch gesehen w\u00fcrden damit die <strong>w\u00f6chentlichen Angebote <\/strong>wie Kochkurs, Zeichenkurs, offene B\u00fchne, Gartenprojekt, Fahrradwerkstatt, offenes Klettern mit Familiencafe, Bogenschie\u00dfen, sowie <strong>zus\u00e4tzliche Angebote<\/strong> wie Skifreizeit f\u00fcr wirtschaftlich schwache Kinder und Jugendliche, Osterferien- Klettertage, 3 Familienwochenenden, Fahrradfreizeit Sommerferien, Kletterfreizeit in den Sommerferien, Unterst\u00fctzung der Kinderstadt mit 4 Berufsangeboten, zweiw\u00f6chiges au\u00dferschulisches Bildungsprojekt, Weihnachtsfeier f\u00fcr wirtschaftliche schwache Kinder und Jugendliche ab 01.01.2025 <strong>nicht mehr angeboten<\/strong>.<\/p>\n\n\n\n<p>Jedoch wollen wir Angebote wie das offene Klettern mit Familiencafe, den Zeichenkurs, die Fahrradwerkstatt und das Bogenschie\u00dfen ehrenamtlich aufrechterhalten und wenn wir es schaffen auch die Familienfreizeiten, sowie das j\u00e4hrlich stattfindende au\u00dferschulische Bildungsprojekt. Hierf\u00fcr ben\u00f6tigen wie aber Ihre Unterst\u00fctzung, sei es durch ein Mitgliedschaft mit 10 \u20ac monatlichen Mitgliedsbeitrag, einer Spende (nach Absprache gern auch eine Materialspende) und oder einer ehrenamtlichen Unterst\u00fctzung. Wenn Sie mehr wissen wollen, dann kommen Sie gerne mal zu unseren \u00d6ffnungszeiten vorbei.<\/p>\n\n\n\n<p class=\"has-text-align-left\">Wenn sie spenden wollen k\u00f6nnen sie gerne gerne uns \u00fcber der von der G\u00f6rlitzer Spendenfee Nadine organisierten Spendenaktion unterst\u00fctzen oder einfach auf unser Konto spenden.<\/p>\n\n\n\n<p class=\"has-text-align-center\">Unsere Kontodaten: <br>IBAN: DE 45 8505 0100 0000 0034 68<br>BIC: WELADED1GRL<\/p>\n\n\n\n<div class=\"wp-block-buttons is-content-justification-center is-layout-flex wp-container-core-buttons-is-layout-a89b3969 wp-block-buttons-is-layout-flex\">\n<div class=\"wp-block-button\"><a class=\"wp-block-button__link wp-element-button\" href=\"https:\/\/www.gofundme.com\/f\/gorlitz-solidarisch-die-cateedrale-darf-nicht-schliessen\">Spendenaktion<\/a><\/div>\n<\/div>\n","protected":false},"excerpt":{"rendered":"<p>Unser Verein f\u00e4llt ab 2025 nach \u00fcber 30 Jahren aus der Jugendf\u00f6rderung komplett raus. Pragmatisch gesehen w\u00fcrden damit die w\u00f6chentlichen Angebote wie Kochkurs, Zeichenkurs, offene B\u00fchne, Gartenprojekt, Fahrradwerkstatt, offenes Klettern mit Familiencafe, Bogenschie\u00dfen, sowie zus\u00e4tzliche Angebote wie Skifreizeit f\u00fcr wirtschaftlich schwache Kinder und Jugendliche, Osterferien- Klettertage, 3 Familienwochenenden, Fahrradfreizeit Sommerferien, Kletterfreizeit in den Sommerferien, Unterst\u00fctzung [&hellip;]<\/p>\n","protected":false},"author":1,"featured_media":1158,"comment_status":"closed","ping_status":"open","sticky":false,"template":"","format":"standard","meta":{"footnotes":""},"categories":[1],"tags":[],"class_list":["post-59","post","type-post","status-publish","format-standard","has-post-thumbnail","hentry","category-allgemein"],"_links":{"self":[{"href":"https:\/\/cateedrale.de\/startseite\/de\/cateedrale\/wp-json\/wp\/v2\/posts\/59","targetHints":{"allow":["GET"]}}],"collection":[{"href":"https:\/\/cateedrale.de\/startseite\/de\/cateedrale\/wp-json\/wp\/v2\/posts"}],"about":[{"href":"https:\/\/cateedrale.de\/startseite\/de\/cateedrale\/wp-json\/wp\/v2\/types\/post"}],"author":[{"embeddable":true,"href":"https:\/\/cateedrale.de\/startseite\/de\/cateedrale\/wp-json\/wp\/v2\/users\/1"}],"replies":[{"embeddable":true,"href":"https:\/\/cateedrale.de\/startseite\/de\/cateedrale\/wp-json\/wp\/v2\/comments?post=59"}],"version-history":[{"count":1,"href":"https:\/\/cateedrale.de\/startseite\/de\/cateedrale\/wp-json\/wp\/v2\/posts\/59\/revisions"}],"predecessor-version":[{"id":1153,"href":"https:\/\/cateedrale.de\/startseite\/de\/cateedrale\/wp-json\/wp\/v2\/posts\/59\/revisions\/1153"}],"wp:featuredmedia":[{"embeddable":true,"href":"https:\/\/cateedrale.de\/startseite\/de\/cateedrale\/wp-json\/wp\/v2\/media\/1158"}],"wp:attachment":[{"href":"https:\/\/cateedrale.de\/startseite\/de\/cateedrale\/wp-json\/wp\/v2\/media?parent=59"}],"wp:term":[{"taxonomy":"category","embeddable":true,"href":"https:\/\/cateedrale.de\/startseite\/de\/cateedrale\/wp-json\/wp\/v2\/categories?post=59"},{"taxonomy":"post_tag","embeddable":true,"href":"https:\/\/cateedrale.de\/startseite\/de\/cateedrale\/wp-json\/wp\/v2\/tags?post=59"}],"curies":[{"name":"wp","href":"https:\/\/api.w.org\/{rel}","templated":true}]}}